{"id":26914,"date":"2026-03-13T09:30:53","date_gmt":"2026-03-13T12:30:53","guid":{"rendered":"https:\/\/www.hcdelcalafate.gob.ar\/portal\/?p=26914"},"modified":"2026-04-23T18:46:11","modified_gmt":"2026-04-23T21:46:11","slug":"apertura-de-sesiones-ordinarias-2026-en-el-calafate","status":"publish","type":"post","link":"https:\/\/www.hcdelcalafate.gob.ar\/portal\/apertura-de-sesiones-ordinarias-2026-en-el-calafate\/","title":{"rendered":"Apertura de Sesiones Ordinarias 2026 en El Calafate"},"content":{"rendered":"\t\t<div data-elementor-type=\"wp-post\" data-elementor-id=\"26914\" class=\"elementor elementor-26914\">\n\t\t\t\t\t\t<section class=\"elementor-section elementor-top-section elementor-element elementor-element-fa4e30e elementor-section-boxed elementor-section-height-default elementor-section-height-default\" data-id=\"fa4e30e\" data-element_type=\"section\" data-e-type=\"section\">\n\t\t\t\t\t\t<div class=\"elementor-container elementor-column-gap-default\">\n\t\t\t\t\t<div class=\"elementor-column elementor-col-100 elementor-top-column elementor-element elementor-element-3c943d9\" data-id=\"3c943d9\" data-element_type=\"column\" data-e-type=\"column\">\n\t\t\t<div class=\"elementor-widget-wrap elementor-element-populated\">\n\t\t\t\t\t\t<div class=\"elementor-element elementor-element-6e16786 elementor-widget elementor-widget-text-editor\" data-id=\"6e16786\" data-element_type=\"widget\" data-e-type=\"widget\" data-widget_type=\"text-editor.default\">\n\t\t\t\t<div class=\"elementor-widget-container\">\n\t\t\t\t\t\t\t\t\t<p><strong><u><b>Apertura de Sesiones Ordinarias 2026 en El Calafate<\/b><\/u><\/strong><\/p><p>Hoy,\u00a0jueves\u00a012\u00a0de marzo, el Honorable Concejo Deliberante de El Calafate, celebr\u00f3 la apertura del per\u00edodo de Sesiones Ordinarias 2026. <br \/>En primera instancia, se aprob\u00f3 el calendario anual de sesiones y se ratific\u00f3 a las autoridades del cuerpo as\u00ed como las de las Comisiones permanentes del HCD. De esta manera la Concejal Celia Barria contin\u00faa como Presidente del HCD; el Concejal Leonardo Mardones \u00a0estar\u00e1 a cargo de la Vicepresidencia primera \u00a0y el Concejal Juan Carlos Rueda seguir\u00e1 de la Vicepresidencia segunda.<\/p><p><strong><u><b>Audiencia p\u00fabica sobre Ley de Glaciares<\/b><\/u><\/strong><\/p><p>En el tratamiento del orden del d\u00eda, apartado \u201cCuesti\u00f3n de Privilegio\u201d, se invit\u00f3 a los vecinos de la ciudad a participar de la pr\u00f3xima sesi\u00f3n ordinaria del HCD, el pr\u00f3ximo 26 de marzo en el marco del desarrollo de la audiencia p\u00fablica sobre la reforma de la Ley de Glaciares, convocada por la C\u00e1mara de Diputados de la Naci\u00f3n. \u00a0<\/p>\t\t\t\t\t\t\t\t<\/div>\n\t\t\t\t<\/div>\n\t\t\t\t\t<\/div>\n\t\t<\/div>\n\t\t\t\t\t<\/div>\n\t\t<\/section>\n\t\t\t\t<section class=\"elementor-section elementor-top-section elementor-element elementor-element-d3ec6ba elementor-section-boxed elementor-section-height-default elementor-section-height-default\" data-id=\"d3ec6ba\" data-element_type=\"section\" data-e-type=\"section\">\n\t\t\t\t\t\t<div class=\"elementor-container elementor-column-gap-default\">\n\t\t\t\t\t<div class=\"elementor-column elementor-col-100 elementor-top-column elementor-element elementor-element-b079c0b\" data-id=\"b079c0b\" data-element_type=\"column\" data-e-type=\"column\">\n\t\t\t<div class=\"elementor-widget-wrap elementor-element-populated\">\n\t\t\t\t\t\t<div class=\"elementor-element elementor-element-92bdb89 elementor-widget elementor-widget-image\" data-id=\"92bdb89\" data-element_type=\"widget\" data-e-type=\"widget\" data-widget_type=\"image.default\">\n\t\t\t\t<div class=\"elementor-widget-container\">\n\t\t\t\t\t\t\t\t\t\t\t\t\t\t\t<img fetchpriority=\"high\" decoding=\"async\" width=\"1024\" height=\"683\" src=\"https:\/\/www.hcdelcalafate.gob.ar\/portal\/wp-content\/uploads\/2026\/03\/audiencia-publica-glaciares-1024x683.jpg\" class=\"attachment-large size-large wp-image-26916\" alt=\"\" srcset=\"https:\/\/www.hcdelcalafate.gob.ar\/portal\/wp-content\/uploads\/2026\/03\/audiencia-publica-glaciares-1024x683.jpg 1024w, https:\/\/www.hcdelcalafate.gob.ar\/portal\/wp-content\/uploads\/2026\/03\/audiencia-publica-glaciares-300x200.jpg 300w, https:\/\/www.hcdelcalafate.gob.ar\/portal\/wp-content\/uploads\/2026\/03\/audiencia-publica-glaciares-768x512.jpg 768w, https:\/\/www.hcdelcalafate.gob.ar\/portal\/wp-content\/uploads\/2026\/03\/audiencia-publica-glaciares-1536x1024.jpg 1536w, https:\/\/www.hcdelcalafate.gob.ar\/portal\/wp-content\/uploads\/2026\/03\/audiencia-publica-glaciares-2048x1365.jpg 2048w\" sizes=\"(max-width: 1024px) 100vw, 1024px\" \/>\t\t\t\t\t\t\t\t\t\t\t\t\t\t\t<\/div>\n\t\t\t\t<\/div>\n\t\t\t\t\t<\/div>\n\t\t<\/div>\n\t\t\t\t\t<\/div>\n\t\t<\/section>\n\t\t\t\t<section class=\"elementor-section elementor-top-section elementor-element elementor-element-221126f elementor-section-boxed elementor-section-height-default elementor-section-height-default\" data-id=\"221126f\" data-element_type=\"section\" data-e-type=\"section\">\n\t\t\t\t\t\t<div class=\"elementor-container elementor-column-gap-default\">\n\t\t\t\t\t<div class=\"elementor-column elementor-col-100 elementor-top-column elementor-element elementor-element-aeb0f35\" data-id=\"aeb0f35\" data-element_type=\"column\" data-e-type=\"column\">\n\t\t\t<div class=\"elementor-widget-wrap elementor-element-populated\">\n\t\t\t\t\t\t<div class=\"elementor-element elementor-element-25974f3 elementor-widget elementor-widget-text-editor\" data-id=\"25974f3\" data-element_type=\"widget\" data-e-type=\"widget\" data-widget_type=\"text-editor.default\">\n\t\t\t\t<div class=\"elementor-widget-container\">\n\t\t\t\t\t\t\t\t\t<p><strong><u><b>Reconocimiento<\/b><\/u><\/strong><\/p><p>En el turno de homenajes, se felicit\u00f3 al Sr. David Vonscheidt al conmemorase 20 a\u00f1os de la declaraci\u00f3n de la \u201cBandera Oficial de El Calafate\u201d y en reconocimiento como su creador, poniendo en valor la adopci\u00f3n de un s\u00edmbolo que representa la historia y la identidad de la ciudad.<\/p>\t\t\t\t\t\t\t\t<\/div>\n\t\t\t\t<\/div>\n\t\t\t\t\t<\/div>\n\t\t<\/div>\n\t\t\t\t\t<\/div>\n\t\t<\/section>\n\t\t\t\t<section class=\"elementor-section elementor-top-section elementor-element elementor-element-405078a elementor-section-boxed elementor-section-height-default elementor-section-height-default\" data-id=\"405078a\" data-element_type=\"section\" data-e-type=\"section\">\n\t\t\t\t\t\t<div class=\"elementor-container elementor-column-gap-default\">\n\t\t\t\t\t<div class=\"elementor-column elementor-col-100 elementor-top-column elementor-element elementor-element-0a80ca1\" data-id=\"0a80ca1\" data-element_type=\"column\" data-e-type=\"column\">\n\t\t\t<div class=\"elementor-widget-wrap elementor-element-populated\">\n\t\t\t\t\t\t<div class=\"elementor-element elementor-element-c6f9cb9 elementor-widget elementor-widget-image\" data-id=\"c6f9cb9\" data-element_type=\"widget\" data-e-type=\"widget\" data-widget_type=\"image.default\">\n\t\t\t\t<div class=\"elementor-widget-container\">\n\t\t\t\t\t\t\t\t\t\t\t\t\t\t\t<img decoding=\"async\" width=\"1024\" height=\"683\" src=\"https:\/\/www.hcdelcalafate.gob.ar\/portal\/wp-content\/uploads\/2026\/03\/bandera-20-anos-1024x683.jpg\" class=\"attachment-large size-large wp-image-26917\" alt=\"\" srcset=\"https:\/\/www.hcdelcalafate.gob.ar\/portal\/wp-content\/uploads\/2026\/03\/bandera-20-anos-1024x683.jpg 1024w, https:\/\/www.hcdelcalafate.gob.ar\/portal\/wp-content\/uploads\/2026\/03\/bandera-20-anos-300x200.jpg 300w, https:\/\/www.hcdelcalafate.gob.ar\/portal\/wp-content\/uploads\/2026\/03\/bandera-20-anos-768x512.jpg 768w, https:\/\/www.hcdelcalafate.gob.ar\/portal\/wp-content\/uploads\/2026\/03\/bandera-20-anos-1536x1024.jpg 1536w, https:\/\/www.hcdelcalafate.gob.ar\/portal\/wp-content\/uploads\/2026\/03\/bandera-20-anos-2048x1365.jpg 2048w\" sizes=\"(max-width: 1024px) 100vw, 1024px\" \/>\t\t\t\t\t\t\t\t\t\t\t\t\t\t\t<\/div>\n\t\t\t\t<\/div>\n\t\t\t\t\t<\/div>\n\t\t<\/div>\n\t\t\t\t\t<\/div>\n\t\t<\/section>\n\t\t\t\t<section class=\"elementor-section elementor-top-section elementor-element elementor-element-79ef56d elementor-section-boxed elementor-section-height-default elementor-section-height-default\" data-id=\"79ef56d\" data-element_type=\"section\" data-e-type=\"section\">\n\t\t\t\t\t\t<div class=\"elementor-container elementor-column-gap-default\">\n\t\t\t\t\t<div class=\"elementor-column elementor-col-100 elementor-top-column elementor-element elementor-element-62ed04d\" data-id=\"62ed04d\" data-element_type=\"column\" data-e-type=\"column\">\n\t\t\t<div class=\"elementor-widget-wrap elementor-element-populated\">\n\t\t\t\t\t\t<div class=\"elementor-element elementor-element-e4bcd26 elementor-widget elementor-widget-text-editor\" data-id=\"e4bcd26\" data-element_type=\"widget\" data-e-type=\"widget\" data-widget_type=\"text-editor.default\">\n\t\t\t\t<div class=\"elementor-widget-container\">\n\t\t\t\t\t\t\t\t\t<p><strong><u><b>Camino al centenario de El Calafate<\/b><\/u><\/strong><\/p><p>En conmemoraci\u00f3n de los 100 a\u00f1os de la fundaci\u00f3n de El Calafate que tendr\u00e1 lugar el pr\u00f3ximo a\u00f1o, se realizar\u00e1n diversas actividades comunitarias, entre ellas la realizaci\u00f3n del Concurso Literario \u201cEl Calafate Rumbo al Centenario\u201d, organizado por el grupo literario \u201cLetras Esteparias\u201d y el Municipio de El Calafate. \u00a0El certamen, convoca a poetas, narradores y escritores residentes en la Ciudad de El Calafate, en los g\u00e9neros de poes\u00eda, cuento y relato, con obras literarias que den testimonio del tiempo transcurrido. \u00a0\u00a0<\/p><p><strong><u><b>Protecci\u00f3n de los ambientes glaciares y periglaciares<\/b><\/u><\/strong><\/p><p>Los ediles, adhieren el proyecto de la Diputada Nacional Ana Mar\u00eda Ianni a trav\u00e9s del cual se propone designar a El Calafate, como sede permanente del D\u00eda Mundial de los Glaciares, que se conmemora el 21 de marzo de cada a\u00f1o. <br \/>En el marco del d\u00eda mundial de los Glaciares, se crea el concurso fotogr\u00e1fico, \u201cSentir de Glaciares\u201d. El objetivo del mismo ser\u00e1 promover la conciencia ambiental, valoraci\u00f3n del patrimonio natural y participaci\u00f3n de la comunidad a trav\u00e9s de la fotograf\u00eda.<\/p>\t\t\t\t\t\t\t\t<\/div>\n\t\t\t\t<\/div>\n\t\t\t\t\t<\/div>\n\t\t<\/div>\n\t\t\t\t\t<\/div>\n\t\t<\/section>\n\t\t\t\t<section class=\"elementor-section elementor-top-section elementor-element elementor-element-648eae4 elementor-section-boxed elementor-section-height-default elementor-section-height-default\" data-id=\"648eae4\" data-element_type=\"section\" data-e-type=\"section\">\n\t\t\t\t\t\t<div class=\"elementor-container elementor-column-gap-default\">\n\t\t\t\t\t<div class=\"elementor-column elementor-col-100 elementor-top-column elementor-element elementor-element-33c4aca\" data-id=\"33c4aca\" data-element_type=\"column\" data-e-type=\"column\">\n\t\t\t<div class=\"elementor-widget-wrap elementor-element-populated\">\n\t\t\t\t\t\t<div class=\"elementor-element elementor-element-d8972ce elementor-widget elementor-widget-image\" data-id=\"d8972ce\" data-element_type=\"widget\" data-e-type=\"widget\" data-widget_type=\"image.default\">\n\t\t\t\t<div class=\"elementor-widget-container\">\n\t\t\t\t\t\t\t\t\t\t\t\t\t\t\t<img decoding=\"async\" width=\"1024\" height=\"1024\" src=\"https:\/\/www.hcdelcalafate.gob.ar\/portal\/wp-content\/uploads\/2026\/03\/WhatsApp-Image-2026-03-12-at-1.32.11-PM-1024x1024.jpeg\" class=\"attachment-large size-large wp-image-26918\" alt=\"\" srcset=\"https:\/\/www.hcdelcalafate.gob.ar\/portal\/wp-content\/uploads\/2026\/03\/WhatsApp-Image-2026-03-12-at-1.32.11-PM-1024x1024.jpeg 1024w, https:\/\/www.hcdelcalafate.gob.ar\/portal\/wp-content\/uploads\/2026\/03\/WhatsApp-Image-2026-03-12-at-1.32.11-PM-300x300.jpeg 300w, https:\/\/www.hcdelcalafate.gob.ar\/portal\/wp-content\/uploads\/2026\/03\/WhatsApp-Image-2026-03-12-at-1.32.11-PM-150x150.jpeg 150w, https:\/\/www.hcdelcalafate.gob.ar\/portal\/wp-content\/uploads\/2026\/03\/WhatsApp-Image-2026-03-12-at-1.32.11-PM-768x768.jpeg 768w, https:\/\/www.hcdelcalafate.gob.ar\/portal\/wp-content\/uploads\/2026\/03\/WhatsApp-Image-2026-03-12-at-1.32.11-PM.jpeg 1080w\" sizes=\"(max-width: 1024px) 100vw, 1024px\" \/>\t\t\t\t\t\t\t\t\t\t\t\t\t\t\t<\/div>\n\t\t\t\t<\/div>\n\t\t\t\t\t<\/div>\n\t\t<\/div>\n\t\t\t\t\t<\/div>\n\t\t<\/section>\n\t\t\t\t<section class=\"elementor-section elementor-top-section elementor-element elementor-element-8906dbb elementor-section-boxed elementor-section-height-default elementor-section-height-default\" data-id=\"8906dbb\" data-element_type=\"section\" data-e-type=\"section\">\n\t\t\t\t\t\t<div class=\"elementor-container elementor-column-gap-default\">\n\t\t\t\t\t<div class=\"elementor-column elementor-col-100 elementor-top-column elementor-element elementor-element-85893f2\" data-id=\"85893f2\" data-element_type=\"column\" data-e-type=\"column\">\n\t\t\t<div class=\"elementor-widget-wrap elementor-element-populated\">\n\t\t\t\t\t\t<div class=\"elementor-element elementor-element-ba0680a elementor-widget elementor-widget-text-editor\" data-id=\"ba0680a\" data-element_type=\"widget\" data-e-type=\"widget\" data-widget_type=\"text-editor.default\">\n\t\t\t\t<div class=\"elementor-widget-container\">\n\t\t\t\t\t\t\t\t\t<p>Desde el Concejo Deliberante \u00a0de El Calafate, se respalda el proyecto de ley N\u00ba 718\/25, presentado por los Diputados Provinciales Carlos Alegria y Karina Nieto, referido a la modificaci\u00f3n de la Ley N\u00ba 3123, que establece los lineamientos para la protecci\u00f3n de los ambientes glaciares y periglaciares con el objeto de preservarlos como reservas estrat\u00e9gicas de recursos h\u00eddricos y proveedores de agua de recarga de cuenca hidrogr\u00e1ficas.<\/p><p><strong><u><b>Solicitud de restituci\u00f3n de beneficios de la Tarifa Social Federal <\/b><\/u><\/strong><\/p><p>Ante la fuerte suba de servicios de energ\u00eda el\u00e9ctrica y gas,\u00a0los concejales se adhieren al proyecto de Ley N\u00ba 104\/26, presentado por los senadores patag\u00f3nicos. \u00a0El proyecto, tiene como objetivo la derogaci\u00f3n de los Decretos N\u00ba 465\/24 y N\u00ba 943\/25, reestablecer un esquema diferenciado de \u00a0tarifas de energ\u00eda el\u00e9ctrica y gas para los sectores m\u00e1s vulnerables de la poblaci\u00f3n.<\/p><p><strong><u><b>Declaraci\u00f3n de inter\u00e9s <\/b><\/u><\/strong><\/p><p>Para finalizar se declararon de\u00a0inter\u00e9s municipal;\u00a0<br \/>-La realizaci\u00f3n del Programa de Actividades Acad\u00e9micas, organizado por la UNPA y la International Artificial Intelligence Doctoral Academy (AIDA) y la presentacion de la Diplomatura Universitaria en Aplicaciones de Intelegencia Artifical Generativa para Educaci\u00f3n y Gesti\u00f3n P\u00fablica (AIAGEGP), los que llevan a cabo, los d\u00edas 11 y 12 de marzo e el CUNEC de El Calafate; destacando que la UNPA se convierte as\u00ed en la 1\u00aa Universidad Latinoamericana en implementar un programa de esta naturaleza. <br \/><br \/>-El evento acad\u00e9mico \u201cEcopatagonia Summit 2026\u201d, ciencia e innovaci\u00f3n en el coraz\u00f3n de la Patagonia, a realizarse los d\u00edas 19 y 20 de marzo en El Calafate, organizado por los Consejos de Ecodoppler Cardiaco y Vascular; Medicina Vascular y Salud digital de la Sociedad Argentina de Cardiolog\u00eda, junto al Consejo Cardiovascular la Sociedad Argentina de Medicina.<\/p>\t\t\t\t\t\t\t\t<\/div>\n\t\t\t\t<\/div>\n\t\t\t\t\t<\/div>\n\t\t<\/div>\n\t\t\t\t\t<\/div>\n\t\t<\/section>\n\t\t\t\t<\/div>\n\t\t","protected":false},"excerpt":{"rendered":"<p>Apertura de Sesiones Ordinarias 2026 en El Calafate Hoy,\u00a0jueves\u00a012\u00a0de marzo, el Honorable Concejo Deliberante de El Calafate, celebr\u00f3 la apertura del per\u00edodo de Sesiones Ordinarias 2026. En primera instancia, se&hellip; <\/p>\n","protected":false},"author":2,"featured_media":26726,"comment_status":"closed","ping_status":"closed","sticky":false,"template":"","format":"standard","meta":{"footnotes":""},"categories":[1],"tags":[],"class_list":["post-26914","post","type-post","status-publish","format-standard","has-post-thumbnail","hentry","category-prensa"],"_links":{"self":[{"href":"https:\/\/www.hcdelcalafate.gob.ar\/portal\/wp-json\/wp\/v2\/posts\/26914","targetHints":{"allow":["GET"]}}],"collection":[{"href":"https:\/\/www.hcdelcalafate.gob.ar\/portal\/wp-json\/wp\/v2\/posts"}],"about":[{"href":"https:\/\/www.hcdelcalafate.gob.ar\/portal\/wp-json\/wp\/v2\/types\/post"}],"author":[{"embeddable":true,"href":"https:\/\/www.hcdelcalafate.gob.ar\/portal\/wp-json\/wp\/v2\/users\/2"}],"replies":[{"embeddable":true,"href":"https:\/\/www.hcdelcalafate.gob.ar\/portal\/wp-json\/wp\/v2\/comments?post=26914"}],"version-history":[{"count":4,"href":"https:\/\/www.hcdelcalafate.gob.ar\/portal\/wp-json\/wp\/v2\/posts\/26914\/revisions"}],"predecessor-version":[{"id":26921,"href":"https:\/\/www.hcdelcalafate.gob.ar\/portal\/wp-json\/wp\/v2\/posts\/26914\/revisions\/26921"}],"wp:featuredmedia":[{"embeddable":true,"href":"https:\/\/www.hcdelcalafate.gob.ar\/portal\/wp-json\/wp\/v2\/media\/26726"}],"wp:attachment":[{"href":"https:\/\/www.hcdelcalafate.gob.ar\/portal\/wp-json\/wp\/v2\/media?parent=26914"}],"wp:term":[{"taxonomy":"category","embeddable":true,"href":"https:\/\/www.hcdelcalafate.gob.ar\/portal\/wp-json\/wp\/v2\/categories?post=26914"},{"taxonomy":"post_tag","embeddable":true,"href":"https:\/\/www.hcdelcalafate.gob.ar\/portal\/wp-json\/wp\/v2\/tags?post=26914"}],"curies":[{"name":"wp","href":"https:\/\/api.w.org\/{rel}","templated":true}]}}