{"id":2506,"date":"2017-01-02T10:50:57","date_gmt":"2017-01-02T13:50:57","guid":{"rendered":"http:\/\/www.hcdelcalafate.gob.ar\/portal\/?p=2506"},"modified":"2021-02-09T12:05:43","modified_gmt":"2021-02-09T15:05:43","slug":"ordenanza-n-2019-17","status":"publish","type":"post","link":"https:\/\/www.hcdelcalafate.gob.ar\/portal\/ordenanza-n-2019-17\/","title":{"rendered":"Ordenanza N\u00b0 2019\/17"},"content":{"rendered":"\t\t<div data-elementor-type=\"wp-post\" data-elementor-id=\"2506\" class=\"elementor elementor-2506\">\n\t\t\t\t\t\t<section class=\"elementor-section elementor-top-section elementor-element elementor-element-dc14240 elementor-section-boxed elementor-section-height-default elementor-section-height-default\" data-id=\"dc14240\" data-element_type=\"section\" data-e-type=\"section\">\n\t\t\t\t\t\t<div class=\"elementor-container elementor-column-gap-default\">\n\t\t\t\t\t<div class=\"elementor-column elementor-col-100 elementor-top-column elementor-element elementor-element-d5cf79a\" data-id=\"d5cf79a\" data-element_type=\"column\" data-e-type=\"column\">\n\t\t\t<div class=\"elementor-widget-wrap elementor-element-populated\">\n\t\t\t\t\t\t<div class=\"elementor-element elementor-element-0ca21c6 elementor-widget elementor-widget-text-editor\" data-id=\"0ca21c6\" data-element_type=\"widget\" data-e-type=\"widget\" data-widget_type=\"text-editor.default\">\n\t\t\t\t<div class=\"elementor-widget-container\">\n\t\t\t\t\t\t\t\t\t<div align=\"justify\"><div align=\"justify\"><div align=\"justify\"><div align=\"justify\"><div align=\"justify\"><div align=\"justify\"><span style=\"color: #000000;\">EXIMIR del Pago de Impuesto del Patente del Automotor, per\u00edodo comprendido desde Abril 2017 al 31 de Diciembre del mismo a\u00f1o, al Sr. DOBAL, Claudio Javier, correspondiente al veh\u00edculo Domin\u00edo NNU 934, en un todo de acuerdo a lo establecido en la\u00a0<\/span><a title=\"\" href=\"http:\/\/www.hcdelcalafate.gob.ar\/files\/ORD-1063.pdf\" target=\"_blank (p\u00e1gina en blanco)\">Ordenanza Municipal N\u00ba 1063\/07<\/a><span style=\"color: #000000;\">.<\/span><\/div><\/div><\/div><\/div><\/div><\/div>\t\t\t\t\t\t\t\t<\/div>\n\t\t\t\t<\/div>\n\t\t\t\t\t<\/div>\n\t\t<\/div>\n\t\t\t\t\t<\/div>\n\t\t<\/section>\n\t\t\t\t<section class=\"elementor-section elementor-top-section elementor-element elementor-element-c7d01da elementor-section-boxed elementor-section-height-default elementor-section-height-default\" data-id=\"c7d01da\" data-element_type=\"section\" data-e-type=\"section\">\n\t\t\t\t\t\t<div class=\"elementor-container elementor-column-gap-default\">\n\t\t\t\t\t<div class=\"elementor-column elementor-col-100 elementor-top-column elementor-element elementor-element-95dea8d\" data-id=\"95dea8d\" data-element_type=\"column\" data-e-type=\"column\">\n\t\t\t<div class=\"elementor-widget-wrap elementor-element-populated\">\n\t\t\t\t\t\t<div class=\"elementor-element elementor-element-259c9ae elementor-button-success elementor-align-center elementor-widget elementor-widget-button\" data-id=\"259c9ae\" data-element_type=\"widget\" data-e-type=\"widget\" data-widget_type=\"button.default\">\n\t\t\t\t<div class=\"elementor-widget-container\">\n\t\t\t\t\t\t\t\t\t<div class=\"elementor-button-wrapper\">\n\t\t\t\t\t<a class=\"elementor-button elementor-button-link elementor-size-sm\" href=\"\/files\/ORD2019-17.pdf\" target=\"_blank\">\n\t\t\t\t\t\t<span class=\"elementor-button-content-wrapper\">\n\t\t\t\t\t\t<span class=\"elementor-button-icon\">\n\t\t\t\t<i aria-hidden=\"true\" class=\"far fa-file-pdf\"><\/i>\t\t\t<\/span>\n\t\t\t\t\t\t\t\t\t<span class=\"elementor-button-text\">VER DOCUMENTO COMPLETO \/\/ Estado: VIGENTE<\/span>\n\t\t\t\t\t<\/span>\n\t\t\t\t\t<\/a>\n\t\t\t\t<\/div>\n\t\t\t\t\t\t\t\t<\/div>\n\t\t\t\t<\/div>\n\t\t\t\t\t<\/div>\n\t\t<\/div>\n\t\t\t\t\t<\/div>\n\t\t<\/section>\n\t\t\t\t<\/div>\n\t\t","protected":false},"excerpt":{"rendered":"<p>EXIMIR del Pago de Impuesto del Patente del Automotor, per\u00edodo comprendido desde Abril 2017 al 31 de Diciembre del mismo a\u00f1o, al Sr. DOBAL, Claudio Javier, correspondiente al veh\u00edculo Domin\u00edo&hellip; <\/p>\n","protected":false},"author":1,"featured_media":0,"comment_status":"closed","ping_status":"closed","sticky":false,"template":"","format":"standard","meta":{"footnotes":""},"categories":[5],"tags":[27,14],"class_list":["post-2506","post","type-post","status-publish","format-standard","hentry","category-ordenanzas","tag-27","tag-ordenanzas"],"_links":{"self":[{"href":"https:\/\/www.hcdelcalafate.gob.ar\/portal\/wp-json\/wp\/v2\/posts\/2506","targetHints":{"allow":["GET"]}}],"collection":[{"href":"https:\/\/www.hcdelcalafate.gob.ar\/portal\/wp-json\/wp\/v2\/posts"}],"about":[{"href":"https:\/\/www.hcdelcalafate.gob.ar\/portal\/wp-json\/wp\/v2\/types\/post"}],"author":[{"embeddable":true,"href":"https:\/\/www.hcdelcalafate.gob.ar\/portal\/wp-json\/wp\/v2\/users\/1"}],"replies":[{"embeddable":true,"href":"https:\/\/www.hcdelcalafate.gob.ar\/portal\/wp-json\/wp\/v2\/comments?post=2506"}],"version-history":[{"count":7,"href":"https:\/\/www.hcdelcalafate.gob.ar\/portal\/wp-json\/wp\/v2\/posts\/2506\/revisions"}],"predecessor-version":[{"id":6303,"href":"https:\/\/www.hcdelcalafate.gob.ar\/portal\/wp-json\/wp\/v2\/posts\/2506\/revisions\/6303"}],"wp:attachment":[{"href":"https:\/\/www.hcdelcalafate.gob.ar\/portal\/wp-json\/wp\/v2\/media?parent=2506"}],"wp:term":[{"taxonomy":"category","embeddable":true,"href":"https:\/\/www.hcdelcalafate.gob.ar\/portal\/wp-json\/wp\/v2\/categories?post=2506"},{"taxonomy":"post_tag","embeddable":true,"href":"https:\/\/www.hcdelcalafate.gob.ar\/portal\/wp-json\/wp\/v2\/tags?post=2506"}],"curies":[{"name":"wp","href":"https:\/\/api.w.org\/{rel}","templated":true}]}}