{"id":11700,"date":"2002-03-03T11:44:38","date_gmt":"2002-03-03T14:44:38","guid":{"rendered":"https:\/\/www.hcdelcalafate.gob.ar\/portal\/?p=11700"},"modified":"2021-03-03T11:46:03","modified_gmt":"2021-03-03T14:46:03","slug":"ordenanza-n-749-02","status":"publish","type":"post","link":"https:\/\/www.hcdelcalafate.gob.ar\/portal\/ordenanza-n-749-02\/","title":{"rendered":"Ordenanza N\u00b0 749\/02"},"content":{"rendered":"\t\t<div data-elementor-type=\"wp-post\" data-elementor-id=\"11700\" class=\"elementor elementor-11700\">\n\t\t\t\t\t\t<section class=\"elementor-section elementor-top-section elementor-element elementor-element-dc14240 elementor-section-boxed elementor-section-height-default elementor-section-height-default\" data-id=\"dc14240\" data-element_type=\"section\" data-e-type=\"section\">\n\t\t\t\t\t\t<div class=\"elementor-container elementor-column-gap-default\">\n\t\t\t\t\t<div class=\"elementor-column elementor-col-100 elementor-top-column elementor-element elementor-element-d5cf79a\" data-id=\"d5cf79a\" data-element_type=\"column\" data-e-type=\"column\">\n\t\t\t<div class=\"elementor-widget-wrap elementor-element-populated\">\n\t\t\t\t\t\t<div class=\"elementor-element elementor-element-0ca21c6 elementor-widget elementor-widget-text-editor\" data-id=\"0ca21c6\" data-element_type=\"widget\" data-e-type=\"widget\" data-widget_type=\"text-editor.default\">\n\t\t\t\t<div class=\"elementor-widget-container\">\n\t\t\t\t\t\t\t\t\t<p>DAR CONFORMIDAD, al cambio de Raz\u00f3n Social solicitada por el Se\u00f1or Rolando Lofredo, de la Denominaci\u00f3n Societaria de la Empresa Video Cable Color C.C. Dos El Calafate S.R.L. por su nueva Raz\u00f3n Social T.V. 5\u00a0 Calafate video Cable S.A.<\/p>\t\t\t\t\t\t\t\t<\/div>\n\t\t\t\t<\/div>\n\t\t\t\t\t<\/div>\n\t\t<\/div>\n\t\t\t\t\t<\/div>\n\t\t<\/section>\n\t\t\t\t<section class=\"elementor-section elementor-top-section elementor-element elementor-element-c7d01da elementor-section-boxed elementor-section-height-default elementor-section-height-default\" data-id=\"c7d01da\" data-element_type=\"section\" data-e-type=\"section\">\n\t\t\t\t\t\t<div class=\"elementor-container elementor-column-gap-default\">\n\t\t\t\t\t<div class=\"elementor-column elementor-col-100 elementor-top-column elementor-element elementor-element-95dea8d\" data-id=\"95dea8d\" data-element_type=\"column\" data-e-type=\"column\">\n\t\t\t<div class=\"elementor-widget-wrap elementor-element-populated\">\n\t\t\t\t\t\t<div class=\"elementor-element elementor-element-259c9ae elementor-button-success elementor-align-center elementor-widget elementor-widget-button\" data-id=\"259c9ae\" data-element_type=\"widget\" data-e-type=\"widget\" data-widget_type=\"button.default\">\n\t\t\t\t<div class=\"elementor-widget-container\">\n\t\t\t\t\t\t\t\t\t<div class=\"elementor-button-wrapper\">\n\t\t\t\t\t<a class=\"elementor-button elementor-button-link elementor-size-sm\" href=\"\/files\/749-02.pdf\" target=\"_blank\">\n\t\t\t\t\t\t<span class=\"elementor-button-content-wrapper\">\n\t\t\t\t\t\t<span class=\"elementor-button-icon\">\n\t\t\t\t<i aria-hidden=\"true\" class=\"far fa-file-pdf\"><\/i>\t\t\t<\/span>\n\t\t\t\t\t\t\t\t\t<span class=\"elementor-button-text\">VER DOCUMENTO COMPLETO \/\/ Estado: VIGENTE<\/span>\n\t\t\t\t\t<\/span>\n\t\t\t\t\t<\/a>\n\t\t\t\t<\/div>\n\t\t\t\t\t\t\t\t<\/div>\n\t\t\t\t<\/div>\n\t\t\t\t\t<\/div>\n\t\t<\/div>\n\t\t\t\t\t<\/div>\n\t\t<\/section>\n\t\t\t\t<\/div>\n\t\t","protected":false},"excerpt":{"rendered":"<p>DAR CONFORMIDAD, al cambio de Raz\u00f3n Social solicitada por el Se\u00f1or Rolando Lofredo, de la Denominaci\u00f3n Societaria de la Empresa Video Cable Color C.C. Dos El Calafate S.R.L. por su&hellip; <\/p>\n","protected":false},"author":1,"featured_media":0,"comment_status":"closed","ping_status":"closed","sticky":false,"template":"","format":"standard","meta":{"footnotes":""},"categories":[5],"tags":[43,14],"class_list":["post-11700","post","type-post","status-publish","format-standard","hentry","category-ordenanzas","tag-43","tag-ordenanzas"],"_links":{"self":[{"href":"https:\/\/www.hcdelcalafate.gob.ar\/portal\/wp-json\/wp\/v2\/posts\/11700","targetHints":{"allow":["GET"]}}],"collection":[{"href":"https:\/\/www.hcdelcalafate.gob.ar\/portal\/wp-json\/wp\/v2\/posts"}],"about":[{"href":"https:\/\/www.hcdelcalafate.gob.ar\/portal\/wp-json\/wp\/v2\/types\/post"}],"author":[{"embeddable":true,"href":"https:\/\/www.hcdelcalafate.gob.ar\/portal\/wp-json\/wp\/v2\/users\/1"}],"replies":[{"embeddable":true,"href":"https:\/\/www.hcdelcalafate.gob.ar\/portal\/wp-json\/wp\/v2\/comments?post=11700"}],"version-history":[{"count":4,"href":"https:\/\/www.hcdelcalafate.gob.ar\/portal\/wp-json\/wp\/v2\/posts\/11700\/revisions"}],"predecessor-version":[{"id":11704,"href":"https:\/\/www.hcdelcalafate.gob.ar\/portal\/wp-json\/wp\/v2\/posts\/11700\/revisions\/11704"}],"wp:attachment":[{"href":"https:\/\/www.hcdelcalafate.gob.ar\/portal\/wp-json\/wp\/v2\/media?parent=11700"}],"wp:term":[{"taxonomy":"category","embeddable":true,"href":"https:\/\/www.hcdelcalafate.gob.ar\/portal\/wp-json\/wp\/v2\/categories?post=11700"},{"taxonomy":"post_tag","embeddable":true,"href":"https:\/\/www.hcdelcalafate.gob.ar\/portal\/wp-json\/wp\/v2\/tags?post=11700"}],"curies":[{"name":"wp","href":"https:\/\/api.w.org\/{rel}","templated":true}]}}